{"id":17066,"date":"2021-03-18T07:02:10","date_gmt":"2021-03-18T05:02:10","guid":{"rendered":"https:\/\/www.thailandee.com\/blog\/?p=17066"},"modified":"2022-01-19T05:44:17","modified_gmt":"2022-01-19T03:44:17","slug":"docu-tv-thailande-un-festival-de-couleurs","status":"publish","type":"post","link":"https:\/\/www.thailandee.com\/blog\/index.php\/17066-docu-tv-thailande-un-festival-de-couleurs","title":{"rendered":"Docu TV: Tha\u00eflande, un festival de couleurs"},"content":{"rendered":"\n<p>Si M6 et TF1 se focalisent souvent sur une Tha\u00eflande de la f\u00eate, des exc\u00e8s ou sur les expatri\u00e9s comme seuls angles pour leurs reportages sur la Tha\u00eflande, heureusement France T\u00e9l\u00e9visions et encore plus Arte, elles, nous montrent r\u00e9guli\u00e8rement une Tha\u00eflande plus int\u00e9ressante, plus profonde et moins clich\u00e9e. La s\u00e9rie de 3 documentaires <em>&#8220;Tha\u00eflande, un festival de couleurs&#8221;<\/em> de la cha\u00eene franco-allemande n&#8217;y fait pas exception. <\/p>\n\n\n\n<p>Pour ceux qui l&#8217;auraient rat\u00e9e je vous mets les liens vers les replays plus bas sachant que si vous n&#8217;habitez ni en France ni en Allemagne, il vous faudra probablement un VPN pour les voir car comme souvent, il y a un blocage g\u00e9ographique.<\/p>\n\n\n\n<figure class=\"wp-block-image\"><img loading=\"lazy\" decoding=\"async\" width=\"750\" height=\"500\" src=\"https:\/\/www.thailandee.com\/blog\/wp-content\/uploads\/thailande-festival-couleurs-docu-tv-arte.jpg\" alt=\"documentaire TV thailande 2020\" class=\"wp-image-17067\" srcset=\"https:\/\/www.thailandee.com\/blog\/wp-content\/uploads\/thailande-festival-couleurs-docu-tv-arte.jpg 750w, https:\/\/www.thailandee.com\/blog\/wp-content\/uploads\/thailande-festival-couleurs-docu-tv-arte-602x401.jpg 602w\" sizes=\"auto, (max-width: 750px) 100vw, 750px\" \/><\/figure>\n\n\n\n<p><\/p>\n\n\n\n<h2 class=\"wp-block-heading\">Documentaire TV sur la Tha\u00eflande en 3 volets<\/h2>\n\n\n\n<p>Ce sont donc 3 \u00e9missions de 45 minutes qu&#8217;Arte a diffus\u00e9 \u00e0 partir de ce 15 mars 2021.<\/p>\n\n\n\n<h3 class=\"wp-block-heading\">Bangkok, la capitale<\/h3>\n\n\n\n<p>L&#8217;effervescente capitale du Royaume conna\u00eet un tr\u00e8s important boom urbain ces derni\u00e8res ann\u00e9es. Dans l&#8217;\u00e9mission, vous la d\u00e9couvrirez \u00e0 travers le regards de ses habitants qui vous font d\u00e9couvrir leur quotidien. Notamment un couple d\u2019architectes respectueux de l\u2019environnement, une cheffe \u00e9toil\u00e9e qui revisite la cuisine de rue en utilisant des produits bio ou encore des tisserands du quartier musulman ou des marionnettistes du bord des klongs.&nbsp; <\/p>\n\n\n\n<p><em><strong>Replay de cet \u00e9pisode disponible ici :<\/strong><\/em> <em><a href=\"https:\/\/www.arte.tv\/fr\/videos\/091167-003-A\/thailande-un-festival-de-couleurs\/\">https:\/\/www.arte.tv\/fr\/videos\/091167-003-A\/thailande-un-festival-de-couleurs\/<\/a><\/em><\/p>\n\n\n\n<p><\/p>\n\n\n\n<h3 class=\"wp-block-heading\">Le Nord de la Tha\u00eflande<\/h3>\n\n\n\n<p>L&#8217;\u00e9mission vous emm\u00e8ne \u00e0 l\u2019extr\u00eame <strong>nord de la Tha\u00eflande<\/strong>, tout \u00e0 c\u00f4t\u00e9 de la fronti\u00e8re birmane, dans la r\u00e9gion montagneuse et sauvage que l&#8217;on surnomme le <em>Triangle d\u2019or<\/em> et qui fut une plaque tournante du trafic d\u2019opium dans la r\u00e9gion. <\/p>\n\n\n\n<p>Vous d\u00e9couvrirez notamment le temple bouddhiste du Cheval d\u2019or qui recueille des enfants d\u00e9sh\u00e9rit\u00e9s et leur offre une \u00e9ducation m\u00ealant m\u00e9ditation et arts martiaux.<\/p>\n\n\n\n<p>Et bien s\u00fbr, cap sur <strong><a href=\"\/villes\/chiang-mai\">Chiang Mai<\/a><\/strong> pour rencontrer un jeune entrepreneur plein d&#8217;ambition pour sa ville avant un d\u00e9tour par Lopburi et son quartier envahis de singes puis d&#8217;aller dans le parc national de Khao Yai.<\/p>\n\n\n\n<p><em><strong>Replay de cet \u00e9pisode disponible ici : <\/strong><a href=\"https:\/\/www.arte.tv\/fr\/videos\/091167-001-A\/thailande-un-festival-de-couleurs\/\">https:\/\/www.arte.tv\/fr\/videos\/091167-001-A\/thailande-un-festival-de-couleurs\/<\/a><\/em><\/p>\n\n\n\n<p><\/p>\n\n\n\n<h3 class=\"wp-block-heading\">Le Sud de la Tha\u00eflande<\/h3>\n\n\n\n<p>Pour ce volet, direction le Sud donc avec la province de <a href=\"\/villes\/chumphon\">Chumphon<\/a>, au bord du golfe de Tha\u00eflande et ses nombreuses plantations de palmiers pour faire de l&#8217;huile avec des m\u00e9thodes \u00e9cologistes pour faire fuir les nuisibles comme les chouettes qui les chassent. Direction les \u00eeles du Golfe sur terre et sous la mer. <\/p>\n\n\n\n<p>On d\u00e9couvre aussi une vieille tradition du Sud musulman : les concours de chants d\u2019oiseau. <\/p>\n\n\n\n<p>Je vous souhaite bon visionnage pour ceux qui n&#8217;auraient pas encore vu ces \u00e9missions et vous invite aussi, si ce n&#8217;est pas fait, \u00e0 d\u00e9couvrir <strong><a href=\"https:\/\/www.youtube.com\/watch?v=KO2MhO9Bi2Y&amp;list=PL2KSMBw5E5T21bvyyAYKCjlyNQavFNC2Q\">mon podcast retra\u00e7ant mon voyage de 2009-2010 sur ma cha\u00eene YouTube<\/a><\/strong>.<\/p>\n","protected":false},"excerpt":{"rendered":"<p>Si M6 et TF1 se focalisent souvent sur une Tha\u00eflande de la f\u00eate, des exc\u00e8s<\/p>\n","protected":false},"author":1,"featured_media":17067,"comment_status":"closed","ping_status":"closed","sticky":false,"template":"","format":"standard","meta":{"footnotes":""},"categories":[3],"tags":[126,123,125,49],"class_list":["post-17066","post","type-post","status-publish","format-standard","has-post-thumbnail","hentry","category-general","tag-arte","tag-docu-tv","tag-emission-tv-2","tag-festival"],"yoast_head":"<!-- This site is optimized with the Yoast SEO plugin v26.8 - https:\/\/yoast.com\/product\/yoast-seo-wordpress\/ -->\n<title>Docu TV: Tha\u00eflande, un festival de couleurs<\/title>\n<meta name=\"robots\" content=\"index, follow, max-snippet:-1, max-image-preview:large, max-video-preview:-1\" \/>\n<link rel=\"canonical\" href=\"https:\/\/www.thailandee.com\/blog\/index.php\/17066-docu-tv-thailande-un-festival-de-couleurs\" \/>\n<meta property=\"og:locale\" content=\"fr_FR\" \/>\n<meta property=\"og:type\" content=\"article\" \/>\n<meta property=\"og:title\" content=\"Docu TV: Tha\u00eflande, un festival de couleurs\" \/>\n<meta property=\"og:description\" content=\"Si M6 et TF1 se focalisent souvent sur une Tha\u00eflande de la f\u00eate, des exc\u00e8s\" \/>\n<meta property=\"og:url\" content=\"https:\/\/www.thailandee.com\/blog\/index.php\/17066-docu-tv-thailande-un-festival-de-couleurs\" \/>\n<meta property=\"og:site_name\" content=\"Le blog de Thailandee.com\" \/>\n<meta property=\"article:publisher\" content=\"https:\/\/www.facebook.com\/ThailandeeFR\/\" \/>\n<meta property=\"article:author\" content=\"https:\/\/www.facebook.com\/ThailandeeFR\" \/>\n<meta property=\"article:published_time\" content=\"2021-03-18T05:02:10+00:00\" \/>\n<meta property=\"article:modified_time\" content=\"2022-01-19T03:44:17+00:00\" \/>\n<meta property=\"og:image\" content=\"https:\/\/www.thailandee.com\/blog\/wp-content\/uploads\/thailande-festival-couleurs-docu-tv-arte.jpg\" \/>\n\t<meta property=\"og:image:width\" content=\"750\" \/>\n\t<meta property=\"og:image:height\" content=\"500\" \/>\n\t<meta property=\"og:image:type\" content=\"image\/jpeg\" \/>\n<meta name=\"author\" content=\"Mike Thailandee\" \/>\n<meta name=\"twitter:card\" content=\"summary_large_image\" \/>\n<meta name=\"twitter:creator\" content=\"@http:\/\/twitter.com\/Thailandee_com\" \/>\n<meta name=\"twitter:site\" content=\"@Thailandee_com\" \/>\n<meta name=\"twitter:label1\" content=\"\u00c9crit par\" \/>\n\t<meta name=\"twitter:data1\" content=\"Mike Thailandee\" \/>\n\t<meta name=\"twitter:label2\" content=\"Dur\u00e9e de lecture estim\u00e9e\" \/>\n\t<meta name=\"twitter:data2\" content=\"3 minutes\" \/>\n<!-- \/ Yoast SEO plugin. -->","yoast_head_json":{"title":"Docu TV: Tha\u00eflande, un festival de couleurs","robots":{"index":"index","follow":"follow","max-snippet":"max-snippet:-1","max-image-preview":"max-image-preview:large","max-video-preview":"max-video-preview:-1"},"canonical":"https:\/\/www.thailandee.com\/blog\/index.php\/17066-docu-tv-thailande-un-festival-de-couleurs","og_locale":"fr_FR","og_type":"article","og_title":"Docu TV: Tha\u00eflande, un festival de couleurs","og_description":"Si M6 et TF1 se focalisent souvent sur une Tha\u00eflande de la f\u00eate, des exc\u00e8s","og_url":"https:\/\/www.thailandee.com\/blog\/index.php\/17066-docu-tv-thailande-un-festival-de-couleurs","og_site_name":"Le blog de Thailandee.com","article_publisher":"https:\/\/www.facebook.com\/ThailandeeFR\/","article_author":"https:\/\/www.facebook.com\/ThailandeeFR","article_published_time":"2021-03-18T05:02:10+00:00","article_modified_time":"2022-01-19T03:44:17+00:00","og_image":[{"width":750,"height":500,"url":"https:\/\/www.thailandee.com\/blog\/wp-content\/uploads\/thailande-festival-couleurs-docu-tv-arte.jpg","type":"image\/jpeg"}],"author":"Mike Thailandee","twitter_card":"summary_large_image","twitter_creator":"@http:\/\/twitter.com\/Thailandee_com","twitter_site":"@Thailandee_com","twitter_misc":{"\u00c9crit par":"Mike Thailandee","Dur\u00e9e de lecture estim\u00e9e":"3 minutes"},"schema":{"@context":"https:\/\/schema.org","@graph":[{"@type":"Article","@id":"https:\/\/www.thailandee.com\/blog\/index.php\/17066-docu-tv-thailande-un-festival-de-couleurs#article","isPartOf":{"@id":"https:\/\/www.thailandee.com\/blog\/index.php\/17066-docu-tv-thailande-un-festival-de-couleurs"},"author":{"name":"Mike Thailandee","@id":"https:\/\/www.thailandee.com\/blog\/#\/schema\/person\/81de2c00b06eafce517ef9c7ce602274"},"headline":"Docu TV: Tha\u00eflande, un festival de couleurs","datePublished":"2021-03-18T05:02:10+00:00","dateModified":"2022-01-19T03:44:17+00:00","mainEntityOfPage":{"@id":"https:\/\/www.thailandee.com\/blog\/index.php\/17066-docu-tv-thailande-un-festival-de-couleurs"},"wordCount":505,"publisher":{"@id":"https:\/\/www.thailandee.com\/blog\/#organization"},"image":{"@id":"https:\/\/www.thailandee.com\/blog\/index.php\/17066-docu-tv-thailande-un-festival-de-couleurs#primaryimage"},"thumbnailUrl":"https:\/\/www.thailandee.com\/blog\/wp-content\/uploads\/thailande-festival-couleurs-docu-tv-arte.jpg","keywords":["Arte","docu TV","\u00e9mission TV","festival"],"articleSection":["G\u00e9n\u00e9ral"],"inLanguage":"fr-FR"},{"@type":"WebPage","@id":"https:\/\/www.thailandee.com\/blog\/index.php\/17066-docu-tv-thailande-un-festival-de-couleurs","url":"https:\/\/www.thailandee.com\/blog\/index.php\/17066-docu-tv-thailande-un-festival-de-couleurs","name":"Docu TV: Tha\u00eflande, un festival de couleurs","isPartOf":{"@id":"https:\/\/www.thailandee.com\/blog\/#website"},"primaryImageOfPage":{"@id":"https:\/\/www.thailandee.com\/blog\/index.php\/17066-docu-tv-thailande-un-festival-de-couleurs#primaryimage"},"image":{"@id":"https:\/\/www.thailandee.com\/blog\/index.php\/17066-docu-tv-thailande-un-festival-de-couleurs#primaryimage"},"thumbnailUrl":"https:\/\/www.thailandee.com\/blog\/wp-content\/uploads\/thailande-festival-couleurs-docu-tv-arte.jpg","datePublished":"2021-03-18T05:02:10+00:00","dateModified":"2022-01-19T03:44:17+00:00","breadcrumb":{"@id":"https:\/\/www.thailandee.com\/blog\/index.php\/17066-docu-tv-thailande-un-festival-de-couleurs#breadcrumb"},"inLanguage":"fr-FR","potentialAction":[{"@type":"ReadAction","target":["https:\/\/www.thailandee.com\/blog\/index.php\/17066-docu-tv-thailande-un-festival-de-couleurs"]}]},{"@type":"ImageObject","inLanguage":"fr-FR","@id":"https:\/\/www.thailandee.com\/blog\/index.php\/17066-docu-tv-thailande-un-festival-de-couleurs#primaryimage","url":"https:\/\/www.thailandee.com\/blog\/wp-content\/uploads\/thailande-festival-couleurs-docu-tv-arte.jpg","contentUrl":"https:\/\/www.thailandee.com\/blog\/wp-content\/uploads\/thailande-festival-couleurs-docu-tv-arte.jpg","width":750,"height":500,"caption":"documentaire TV thailande 2020"},{"@type":"BreadcrumbList","@id":"https:\/\/www.thailandee.com\/blog\/index.php\/17066-docu-tv-thailande-un-festival-de-couleurs#breadcrumb","itemListElement":[{"@type":"ListItem","position":1,"name":"Accueil","item":"https:\/\/www.thailandee.com\/blog"},{"@type":"ListItem","position":2,"name":"Docu TV: Tha\u00eflande, un festival de couleurs"}]},{"@type":"WebSite","@id":"https:\/\/www.thailandee.com\/blog\/#website","url":"https:\/\/www.thailandee.com\/blog\/","name":"Le blog de Thailandee.com","description":"voyage, conseils et informations","publisher":{"@id":"https:\/\/www.thailandee.com\/blog\/#organization"},"potentialAction":[{"@type":"SearchAction","target":{"@type":"EntryPoint","urlTemplate":"https:\/\/www.thailandee.com\/blog\/?s={search_term_string}"},"query-input":{"@type":"PropertyValueSpecification","valueRequired":true,"valueName":"search_term_string"}}],"inLanguage":"fr-FR"},{"@type":"Organization","@id":"https:\/\/www.thailandee.com\/blog\/#organization","name":"Le blog de Thailandee.com","url":"https:\/\/www.thailandee.com\/blog\/","logo":{"@type":"ImageObject","inLanguage":"fr-FR","@id":"https:\/\/www.thailandee.com\/blog\/#\/schema\/logo\/image\/","url":"https:\/\/www.thailandee.com\/blog\/wp-content\/uploads\/voyage-thailande.jpg","contentUrl":"https:\/\/www.thailandee.com\/blog\/wp-content\/uploads\/voyage-thailande.jpg","width":450,"height":248,"caption":"Le blog de Thailandee.com"},"image":{"@id":"https:\/\/www.thailandee.com\/blog\/#\/schema\/logo\/image\/"},"sameAs":["https:\/\/www.facebook.com\/ThailandeeFR\/","https:\/\/x.com\/Thailandee_com","http:\/\/instagram.com\/mikethailandee","https:\/\/www.youtube.com\/channel\/UCtClWMihNeyM_LhAXloywZQ"]},{"@type":"Person","@id":"https:\/\/www.thailandee.com\/blog\/#\/schema\/person\/81de2c00b06eafce517ef9c7ce602274","name":"Mike Thailandee","image":{"@type":"ImageObject","inLanguage":"fr-FR","@id":"https:\/\/www.thailandee.com\/blog\/#\/schema\/person\/image\/","url":"https:\/\/secure.gravatar.com\/avatar\/eafdf7d5103c114ea6914650dcf688962fb7a6032d77ecc8c572ba631864799b?s=96&d=mm&r=g","contentUrl":"https:\/\/secure.gravatar.com\/avatar\/eafdf7d5103c114ea6914650dcf688962fb7a6032d77ecc8c572ba631864799b?s=96&d=mm&r=g","caption":"Mike Thailandee"},"description":"Tomb\u00e9 sous le charme de la Tha\u00eflande d\u00e8s son premier voyage , Mike ne cesse de parcourir le pays dans tous les sens depuis 2009 pour d\u00e9couvrir, tester et partager ses infos, photos, conseils et bons plans qu'il partage sur Thailandee.com.","sameAs":["http:\/\/www.thailandee.com\/","https:\/\/www.facebook.com\/ThailandeeFR","https:\/\/x.com\/http:\/\/twitter.com\/Thailandee_com","https:\/\/www.youtube.com\/channel\/UCtClWMihNeyM_LhAXloywZQ"],"url":"https:\/\/www.thailandee.com\/blog\/index.php\/author\/asianmike"}]}},"_links":{"self":[{"href":"https:\/\/www.thailandee.com\/blog\/index.php\/wp-json\/wp\/v2\/posts\/17066","targetHints":{"allow":["GET"]}}],"collection":[{"href":"https:\/\/www.thailandee.com\/blog\/index.php\/wp-json\/wp\/v2\/posts"}],"about":[{"href":"https:\/\/www.thailandee.com\/blog\/index.php\/wp-json\/wp\/v2\/types\/post"}],"author":[{"embeddable":true,"href":"https:\/\/www.thailandee.com\/blog\/index.php\/wp-json\/wp\/v2\/users\/1"}],"replies":[{"embeddable":true,"href":"https:\/\/www.thailandee.com\/blog\/index.php\/wp-json\/wp\/v2\/comments?post=17066"}],"version-history":[{"count":3,"href":"https:\/\/www.thailandee.com\/blog\/index.php\/wp-json\/wp\/v2\/posts\/17066\/revisions"}],"predecessor-version":[{"id":18083,"href":"https:\/\/www.thailandee.com\/blog\/index.php\/wp-json\/wp\/v2\/posts\/17066\/revisions\/18083"}],"wp:featuredmedia":[{"embeddable":true,"href":"https:\/\/www.thailandee.com\/blog\/index.php\/wp-json\/wp\/v2\/media\/17067"}],"wp:attachment":[{"href":"https:\/\/www.thailandee.com\/blog\/index.php\/wp-json\/wp\/v2\/media?parent=17066"}],"wp:term":[{"taxonomy":"category","embeddable":true,"href":"https:\/\/www.thailandee.com\/blog\/index.php\/wp-json\/wp\/v2\/categories?post=17066"},{"taxonomy":"post_tag","embeddable":true,"href":"https:\/\/www.thailandee.com\/blog\/index.php\/wp-json\/wp\/v2\/tags?post=17066"}],"curies":[{"name":"wp","href":"https:\/\/api.w.org\/{rel}","templated":true}]}}